{"id":3032,"date":"2022-06-03T14:02:16","date_gmt":"2022-06-03T12:02:16","guid":{"rendered":"https:\/\/www.investinclm.com\/?p=3032\/"},"modified":"2023-06-16T11:01:41","modified_gmt":"2023-06-16T09:01:41","slug":"castilla-la-mancha-strengthens-its-image-as-an-investment-destination-at-hannover-messe","status":"publish","type":"post","link":"https:\/\/www.investinclm.com\/en\/castilla-la-mancha-strengthens-its-image-as-an-investment-destination-at-hannover-messe\/","title":{"rendered":"Castilla-La Mancha strengthens its image as an investment destination at Hannover Messe"},"content":{"rendered":"<p><strong>Castilla-La Mancha<\/strong>, through IPEX, has participated as an exhibitor in the 63rd edition of the <strong>Hannover Messe<\/strong>, the most important industrial and technological fair in the world, with the aim of strengthening the image of the region as an investment destination.<\/p>\n<p>Since May 30 and until\u00a0 June 2, companies and institutions from around the world have gathered at this fair to talk about sustainability, robotics, renewable energy, digitalization, logistics or mobility, among other topics.<\/p>\n<p>The <strong>Foreign Investment Attraction Department<\/strong> has held more than 15 meetings with different companies, among which energy companies stand out. The <strong>National Hydrogen Center<\/strong> has participated in this fair together with IPEX to strengthen the image of Castilla-La Mancha as a reference region in the field of renewable energy.<\/p>\n<p>At an institutional level, the Castilla-La Mancha stand was visited by Ricardo Mart\u00ednez, Ambassador of Spain to Germany, and by Mario Buis\u00e1n and Pilar Paredes, Economic and Commercial Advisors of Spain in Berlin.<\/p>\n<p><img loading=\"lazy\" decoding=\"async\" class=\"wp-image-3030 size-large\" src=\"https:\/\/www.investinclm.com\/wp-content\/uploads\/2022\/06\/Embajador-espan\u0303ol-en-stand-Invest-1024x988.jpeg\" alt=\"Visita del embajador espa\u00f1ol en Alemania\" width=\"1024\" height=\"988\" srcset=\"https:\/\/www.investinclm.com\/wp-content\/uploads\/2022\/06\/Embajador-espan\u0303ol-en-stand-Invest-1024x988.jpeg 1024w, https:\/\/www.investinclm.com\/wp-content\/uploads\/2022\/06\/Embajador-espan\u0303ol-en-stand-Invest-300x289.jpeg 300w, https:\/\/www.investinclm.com\/wp-content\/uploads\/2022\/06\/Embajador-espan\u0303ol-en-stand-Invest-768x741.jpeg 768w, https:\/\/www.investinclm.com\/wp-content\/uploads\/2022\/06\/Embajador-espan\u0303ol-en-stand-Invest.jpeg 1127w\" sizes=\"auto, (max-width: 1024px) 100vw, 1024px\" \/><\/p>\n<h2>HANNOVER MESSE, 10 FAIRS IN ONE SPACE<\/h2>\n<p>Hannover Messe 2022 has been held on-site for the first time after the pandemic. This edition has gathered around <strong>2,500 companies<\/strong> from around the world, including 120 from Portugal, which this year as an associated country wanted to highlight the technological and industrial solutions of the country.<\/p>\n<p>This year, the fair focused on green energy and hydrogen, as well as the use of digitalization, automation and AI to combat climate change.<\/p>\n<p>You can see the main news of the fair, as well as the conferences, participants and exhibitors, on the Hannover Messe website: https:\/\/www.hannovermesse.de\/en\/<\/p>\n<p>&nbsp;<\/p>\n","protected":false},"excerpt":{"rendered":"<p>Castilla-La Mancha, through IPEX, has participated as an exhibitor in the 63rd edition of the Hannover Messe, the most important industrial and technological fair in the world, with the aim&#8230;<\/p>\n","protected":false},"author":2,"featured_media":3030,"comment_status":"closed","ping_status":"open","sticky":false,"template":"","format":"standard","meta":{"footnotes":""},"categories":[10],"tags":[],"class_list":{"0":"post-3032","1":"post","2":"type-post","3":"status-publish","4":"format-standard","5":"has-post-thumbnail","7":"category-press-releases"},"yoast_head":"<!-- This site is optimized with the Yoast SEO plugin v27.4 - https:\/\/yoast.com\/product\/yoast-seo-wordpress\/ -->\n<title>Castilla-La Mancha strengthens its image as an investment destination at Hannover Messe - Invest In CLM<\/title>\n<meta name=\"description\" content=\"The Foreign Investment Attraction Department has held more than 15 meetings to strengthen the image of Castilla-La Mancha as a reference region in the field of renewable energy.\" \/>\n<meta name=\"robots\" content=\"index, follow, max-snippet:-1, max-image-preview:large, max-video-preview:-1\" \/>\n<link rel=\"canonical\" href=\"https:\/\/www.investinclm.com\/en\/castilla-la-mancha-strengthens-its-image-as-an-investment-destination-at-hannover-messe\/\" \/>\n<meta property=\"og:locale\" content=\"en_US\" \/>\n<meta property=\"og:type\" content=\"article\" \/>\n<meta property=\"og:title\" content=\"Castilla-La Mancha strengthens its image as an investment destination at Hannover Messe - Invest In CLM\" \/>\n<meta property=\"og:description\" content=\"The Foreign Investment Attraction Department has held more than 15 meetings to strengthen the image of Castilla-La Mancha as a reference region in the field of renewable energy.\" \/>\n<meta property=\"og:url\" content=\"https:\/\/www.investinclm.com\/en\/castilla-la-mancha-strengthens-its-image-as-an-investment-destination-at-hannover-messe\/\" \/>\n<meta property=\"og:site_name\" content=\"Invest In CLM\" \/>\n<meta property=\"article:published_time\" content=\"2022-06-03T12:02:16+00:00\" \/>\n<meta property=\"article:modified_time\" content=\"2023-06-16T09:01:41+00:00\" \/>\n<meta property=\"og:image\" content=\"https:\/\/www.investinclm.com\/wp-content\/uploads\/2022\/06\/Embajador-espan\u0303ol-en-stand-Invest.jpeg\" \/>\n\t<meta property=\"og:image:width\" content=\"1127\" \/>\n\t<meta property=\"og:image:height\" content=\"1087\" \/>\n\t<meta property=\"og:image:type\" content=\"image\/jpeg\" \/>\n<meta name=\"author\" content=\"Raul-IPEX\" \/>\n<meta name=\"twitter:card\" content=\"summary_large_image\" \/>\n<meta name=\"twitter:label1\" content=\"Written by\" \/>\n\t<meta name=\"twitter:data1\" content=\"Raul-IPEX\" \/>\n\t<meta name=\"twitter:label2\" content=\"Est. reading time\" \/>\n\t<meta name=\"twitter:data2\" content=\"2 minutes\" \/>\n<script type=\"application\/ld+json\" class=\"yoast-schema-graph\">{\"@context\":\"https:\\\/\\\/schema.org\",\"@graph\":[{\"@type\":\"Article\",\"@id\":\"https:\\\/\\\/www.investinclm.com\\\/en\\\/castilla-la-mancha-strengthens-its-image-as-an-investment-destination-at-hannover-messe\\\/#article\",\"isPartOf\":{\"@id\":\"https:\\\/\\\/www.investinclm.com\\\/en\\\/castilla-la-mancha-strengthens-its-image-as-an-investment-destination-at-hannover-messe\\\/\"},\"author\":{\"name\":\"Raul-IPEX\",\"@id\":\"https:\\\/\\\/www.investinclm.com\\\/en\\\/#\\\/schema\\\/person\\\/fe72d441caa055b702c1f75977fbf5b4\"},\"headline\":\"Castilla-La Mancha strengthens its image as an investment destination at Hannover Messe\",\"datePublished\":\"2022-06-03T12:02:16+00:00\",\"dateModified\":\"2023-06-16T09:01:41+00:00\",\"mainEntityOfPage\":{\"@id\":\"https:\\\/\\\/www.investinclm.com\\\/en\\\/castilla-la-mancha-strengthens-its-image-as-an-investment-destination-at-hannover-messe\\\/\"},\"wordCount\":269,\"image\":{\"@id\":\"https:\\\/\\\/www.investinclm.com\\\/en\\\/castilla-la-mancha-strengthens-its-image-as-an-investment-destination-at-hannover-messe\\\/#primaryimage\"},\"thumbnailUrl\":\"https:\\\/\\\/www.investinclm.com\\\/wp-content\\\/uploads\\\/2022\\\/06\\\/Embajador-espan\u0303ol-en-stand-Invest.jpeg\",\"articleSection\":[\"Press Releases\"],\"inLanguage\":\"en-US\"},{\"@type\":\"WebPage\",\"@id\":\"https:\\\/\\\/www.investinclm.com\\\/en\\\/castilla-la-mancha-strengthens-its-image-as-an-investment-destination-at-hannover-messe\\\/\",\"url\":\"https:\\\/\\\/www.investinclm.com\\\/en\\\/castilla-la-mancha-strengthens-its-image-as-an-investment-destination-at-hannover-messe\\\/\",\"name\":\"Castilla-La Mancha strengthens its image as an investment destination at Hannover Messe - Invest In CLM\",\"isPartOf\":{\"@id\":\"https:\\\/\\\/www.investinclm.com\\\/en\\\/#website\"},\"primaryImageOfPage\":{\"@id\":\"https:\\\/\\\/www.investinclm.com\\\/en\\\/castilla-la-mancha-strengthens-its-image-as-an-investment-destination-at-hannover-messe\\\/#primaryimage\"},\"image\":{\"@id\":\"https:\\\/\\\/www.investinclm.com\\\/en\\\/castilla-la-mancha-strengthens-its-image-as-an-investment-destination-at-hannover-messe\\\/#primaryimage\"},\"thumbnailUrl\":\"https:\\\/\\\/www.investinclm.com\\\/wp-content\\\/uploads\\\/2022\\\/06\\\/Embajador-espan\u0303ol-en-stand-Invest.jpeg\",\"datePublished\":\"2022-06-03T12:02:16+00:00\",\"dateModified\":\"2023-06-16T09:01:41+00:00\",\"author\":{\"@id\":\"https:\\\/\\\/www.investinclm.com\\\/en\\\/#\\\/schema\\\/person\\\/fe72d441caa055b702c1f75977fbf5b4\"},\"description\":\"The Foreign Investment Attraction Department has held more than 15 meetings to strengthen the image of Castilla-La Mancha as a reference region in the field of renewable energy.\",\"breadcrumb\":{\"@id\":\"https:\\\/\\\/www.investinclm.com\\\/en\\\/castilla-la-mancha-strengthens-its-image-as-an-investment-destination-at-hannover-messe\\\/#breadcrumb\"},\"inLanguage\":\"en-US\",\"potentialAction\":[{\"@type\":\"ReadAction\",\"target\":[\"https:\\\/\\\/www.investinclm.com\\\/en\\\/castilla-la-mancha-strengthens-its-image-as-an-investment-destination-at-hannover-messe\\\/\"]}]},{\"@type\":\"ImageObject\",\"inLanguage\":\"en-US\",\"@id\":\"https:\\\/\\\/www.investinclm.com\\\/en\\\/castilla-la-mancha-strengthens-its-image-as-an-investment-destination-at-hannover-messe\\\/#primaryimage\",\"url\":\"https:\\\/\\\/www.investinclm.com\\\/wp-content\\\/uploads\\\/2022\\\/06\\\/Embajador-espan\u0303ol-en-stand-Invest.jpeg\",\"contentUrl\":\"https:\\\/\\\/www.investinclm.com\\\/wp-content\\\/uploads\\\/2022\\\/06\\\/Embajador-espan\u0303ol-en-stand-Invest.jpeg\",\"width\":1127,\"height\":1087,\"caption\":\"Visita de Ricardo Mart\u00ednez V\u00e1zquez, embajador espa\u00f1ol en Berl\u00edn y Mario Buisan Garcia y Pilar Paredes-Fern\u00e1ndez, como agentes econ\u00f3micos y comerciales de ICEX\"},{\"@type\":\"BreadcrumbList\",\"@id\":\"https:\\\/\\\/www.investinclm.com\\\/en\\\/castilla-la-mancha-strengthens-its-image-as-an-investment-destination-at-hannover-messe\\\/#breadcrumb\",\"itemListElement\":[{\"@type\":\"ListItem\",\"position\":1,\"name\":\"Invierte en CLM\",\"item\":\"https:\\\/\\\/www.investinclm.com\\\/en\\\/\"},{\"@type\":\"ListItem\",\"position\":2,\"name\":\"Castilla-La Mancha strengthens its image as an investment destination at Hannover Messe\"}]},{\"@type\":\"WebSite\",\"@id\":\"https:\\\/\\\/www.investinclm.com\\\/en\\\/#website\",\"url\":\"https:\\\/\\\/www.investinclm.com\\\/en\\\/\",\"name\":\"Invest In CLM\",\"description\":\"Invierte en Castilla-La Mancha\",\"potentialAction\":[{\"@type\":\"SearchAction\",\"target\":{\"@type\":\"EntryPoint\",\"urlTemplate\":\"https:\\\/\\\/www.investinclm.com\\\/en\\\/?s={search_term_string}\"},\"query-input\":{\"@type\":\"PropertyValueSpecification\",\"valueRequired\":true,\"valueName\":\"search_term_string\"}}],\"inLanguage\":\"en-US\"},{\"@type\":\"Person\",\"@id\":\"https:\\\/\\\/www.investinclm.com\\\/en\\\/#\\\/schema\\\/person\\\/fe72d441caa055b702c1f75977fbf5b4\",\"name\":\"Raul-IPEX\",\"image\":{\"@type\":\"ImageObject\",\"inLanguage\":\"en-US\",\"@id\":\"https:\\\/\\\/secure.gravatar.com\\\/avatar\\\/2f8323fa048dcdba5be9107a927e82835e0ca99111a2209a9319ede9baae5d2b?s=96&d=mm&r=g\",\"url\":\"https:\\\/\\\/secure.gravatar.com\\\/avatar\\\/2f8323fa048dcdba5be9107a927e82835e0ca99111a2209a9319ede9baae5d2b?s=96&d=mm&r=g\",\"contentUrl\":\"https:\\\/\\\/secure.gravatar.com\\\/avatar\\\/2f8323fa048dcdba5be9107a927e82835e0ca99111a2209a9319ede9baae5d2b?s=96&d=mm&r=g\",\"caption\":\"Raul-IPEX\"},\"url\":\"https:\\\/\\\/www.investinclm.com\\\/en\\\/author\\\/rfernandez\\\/\"}]}<\/script>\n<!-- \/ Yoast SEO plugin. -->","yoast_head_json":{"title":"Castilla-La Mancha strengthens its image as an investment destination at Hannover Messe - Invest In CLM","description":"The Foreign Investment Attraction Department has held more than 15 meetings to strengthen the image of Castilla-La Mancha as a reference region in the field of renewable energy.","robots":{"index":"index","follow":"follow","max-snippet":"max-snippet:-1","max-image-preview":"max-image-preview:large","max-video-preview":"max-video-preview:-1"},"canonical":"https:\/\/www.investinclm.com\/en\/castilla-la-mancha-strengthens-its-image-as-an-investment-destination-at-hannover-messe\/","og_locale":"en_US","og_type":"article","og_title":"Castilla-La Mancha strengthens its image as an investment destination at Hannover Messe - Invest In CLM","og_description":"The Foreign Investment Attraction Department has held more than 15 meetings to strengthen the image of Castilla-La Mancha as a reference region in the field of renewable energy.","og_url":"https:\/\/www.investinclm.com\/en\/castilla-la-mancha-strengthens-its-image-as-an-investment-destination-at-hannover-messe\/","og_site_name":"Invest In CLM","article_published_time":"2022-06-03T12:02:16+00:00","article_modified_time":"2023-06-16T09:01:41+00:00","og_image":[{"width":1127,"height":1087,"url":"https:\/\/www.investinclm.com\/wp-content\/uploads\/2022\/06\/Embajador-espan\u0303ol-en-stand-Invest.jpeg","type":"image\/jpeg"}],"author":"Raul-IPEX","twitter_card":"summary_large_image","twitter_misc":{"Written by":"Raul-IPEX","Est. reading time":"2 minutes"},"schema":{"@context":"https:\/\/schema.org","@graph":[{"@type":"Article","@id":"https:\/\/www.investinclm.com\/en\/castilla-la-mancha-strengthens-its-image-as-an-investment-destination-at-hannover-messe\/#article","isPartOf":{"@id":"https:\/\/www.investinclm.com\/en\/castilla-la-mancha-strengthens-its-image-as-an-investment-destination-at-hannover-messe\/"},"author":{"name":"Raul-IPEX","@id":"https:\/\/www.investinclm.com\/en\/#\/schema\/person\/fe72d441caa055b702c1f75977fbf5b4"},"headline":"Castilla-La Mancha strengthens its image as an investment destination at Hannover Messe","datePublished":"2022-06-03T12:02:16+00:00","dateModified":"2023-06-16T09:01:41+00:00","mainEntityOfPage":{"@id":"https:\/\/www.investinclm.com\/en\/castilla-la-mancha-strengthens-its-image-as-an-investment-destination-at-hannover-messe\/"},"wordCount":269,"image":{"@id":"https:\/\/www.investinclm.com\/en\/castilla-la-mancha-strengthens-its-image-as-an-investment-destination-at-hannover-messe\/#primaryimage"},"thumbnailUrl":"https:\/\/www.investinclm.com\/wp-content\/uploads\/2022\/06\/Embajador-espan\u0303ol-en-stand-Invest.jpeg","articleSection":["Press Releases"],"inLanguage":"en-US"},{"@type":"WebPage","@id":"https:\/\/www.investinclm.com\/en\/castilla-la-mancha-strengthens-its-image-as-an-investment-destination-at-hannover-messe\/","url":"https:\/\/www.investinclm.com\/en\/castilla-la-mancha-strengthens-its-image-as-an-investment-destination-at-hannover-messe\/","name":"Castilla-La Mancha strengthens its image as an investment destination at Hannover Messe - Invest In CLM","isPartOf":{"@id":"https:\/\/www.investinclm.com\/en\/#website"},"primaryImageOfPage":{"@id":"https:\/\/www.investinclm.com\/en\/castilla-la-mancha-strengthens-its-image-as-an-investment-destination-at-hannover-messe\/#primaryimage"},"image":{"@id":"https:\/\/www.investinclm.com\/en\/castilla-la-mancha-strengthens-its-image-as-an-investment-destination-at-hannover-messe\/#primaryimage"},"thumbnailUrl":"https:\/\/www.investinclm.com\/wp-content\/uploads\/2022\/06\/Embajador-espan\u0303ol-en-stand-Invest.jpeg","datePublished":"2022-06-03T12:02:16+00:00","dateModified":"2023-06-16T09:01:41+00:00","author":{"@id":"https:\/\/www.investinclm.com\/en\/#\/schema\/person\/fe72d441caa055b702c1f75977fbf5b4"},"description":"The Foreign Investment Attraction Department has held more than 15 meetings to strengthen the image of Castilla-La Mancha as a reference region in the field of renewable energy.","breadcrumb":{"@id":"https:\/\/www.investinclm.com\/en\/castilla-la-mancha-strengthens-its-image-as-an-investment-destination-at-hannover-messe\/#breadcrumb"},"inLanguage":"en-US","potentialAction":[{"@type":"ReadAction","target":["https:\/\/www.investinclm.com\/en\/castilla-la-mancha-strengthens-its-image-as-an-investment-destination-at-hannover-messe\/"]}]},{"@type":"ImageObject","inLanguage":"en-US","@id":"https:\/\/www.investinclm.com\/en\/castilla-la-mancha-strengthens-its-image-as-an-investment-destination-at-hannover-messe\/#primaryimage","url":"https:\/\/www.investinclm.com\/wp-content\/uploads\/2022\/06\/Embajador-espan\u0303ol-en-stand-Invest.jpeg","contentUrl":"https:\/\/www.investinclm.com\/wp-content\/uploads\/2022\/06\/Embajador-espan\u0303ol-en-stand-Invest.jpeg","width":1127,"height":1087,"caption":"Visita de Ricardo Mart\u00ednez V\u00e1zquez, embajador espa\u00f1ol en Berl\u00edn y Mario Buisan Garcia y Pilar Paredes-Fern\u00e1ndez, como agentes econ\u00f3micos y comerciales de ICEX"},{"@type":"BreadcrumbList","@id":"https:\/\/www.investinclm.com\/en\/castilla-la-mancha-strengthens-its-image-as-an-investment-destination-at-hannover-messe\/#breadcrumb","itemListElement":[{"@type":"ListItem","position":1,"name":"Invierte en CLM","item":"https:\/\/www.investinclm.com\/en\/"},{"@type":"ListItem","position":2,"name":"Castilla-La Mancha strengthens its image as an investment destination at Hannover Messe"}]},{"@type":"WebSite","@id":"https:\/\/www.investinclm.com\/en\/#website","url":"https:\/\/www.investinclm.com\/en\/","name":"Invest In CLM","description":"Invierte en Castilla-La Mancha","potentialAction":[{"@type":"SearchAction","target":{"@type":"EntryPoint","urlTemplate":"https:\/\/www.investinclm.com\/en\/?s={search_term_string}"},"query-input":{"@type":"PropertyValueSpecification","valueRequired":true,"valueName":"search_term_string"}}],"inLanguage":"en-US"},{"@type":"Person","@id":"https:\/\/www.investinclm.com\/en\/#\/schema\/person\/fe72d441caa055b702c1f75977fbf5b4","name":"Raul-IPEX","image":{"@type":"ImageObject","inLanguage":"en-US","@id":"https:\/\/secure.gravatar.com\/avatar\/2f8323fa048dcdba5be9107a927e82835e0ca99111a2209a9319ede9baae5d2b?s=96&d=mm&r=g","url":"https:\/\/secure.gravatar.com\/avatar\/2f8323fa048dcdba5be9107a927e82835e0ca99111a2209a9319ede9baae5d2b?s=96&d=mm&r=g","contentUrl":"https:\/\/secure.gravatar.com\/avatar\/2f8323fa048dcdba5be9107a927e82835e0ca99111a2209a9319ede9baae5d2b?s=96&d=mm&r=g","caption":"Raul-IPEX"},"url":"https:\/\/www.investinclm.com\/en\/author\/rfernandez\/"}]}},"_links":{"self":[{"href":"https:\/\/www.investinclm.com\/en\/wp-json\/wp\/v2\/posts\/3032","targetHints":{"allow":["GET"]}}],"collection":[{"href":"https:\/\/www.investinclm.com\/en\/wp-json\/wp\/v2\/posts"}],"about":[{"href":"https:\/\/www.investinclm.com\/en\/wp-json\/wp\/v2\/types\/post"}],"author":[{"embeddable":true,"href":"https:\/\/www.investinclm.com\/en\/wp-json\/wp\/v2\/users\/2"}],"replies":[{"embeddable":true,"href":"https:\/\/www.investinclm.com\/en\/wp-json\/wp\/v2\/comments?post=3032"}],"version-history":[{"count":1,"href":"https:\/\/www.investinclm.com\/en\/wp-json\/wp\/v2\/posts\/3032\/revisions"}],"predecessor-version":[{"id":3033,"href":"https:\/\/www.investinclm.com\/en\/wp-json\/wp\/v2\/posts\/3032\/revisions\/3033"}],"wp:featuredmedia":[{"embeddable":true,"href":"https:\/\/www.investinclm.com\/en\/wp-json\/wp\/v2\/media\/3030"}],"wp:attachment":[{"href":"https:\/\/www.investinclm.com\/en\/wp-json\/wp\/v2\/media?parent=3032"}],"wp:term":[{"taxonomy":"category","embeddable":true,"href":"https:\/\/www.investinclm.com\/en\/wp-json\/wp\/v2\/categories?post=3032"},{"taxonomy":"post_tag","embeddable":true,"href":"https:\/\/www.investinclm.com\/en\/wp-json\/wp\/v2\/tags?post=3032"}],"curies":[{"name":"wp","href":"https:\/\/api.w.org\/{rel}","templated":true}]}}