{"id":3423,"date":"2023-03-17T12:23:18","date_gmt":"2023-03-17T11:23:18","guid":{"rendered":"https:\/\/www.investinclm.com\/?p=3423\/"},"modified":"2023-04-03T13:08:50","modified_gmt":"2023-04-03T11:08:50","slug":"castilla-la-mancha-shows-its-industrial-land-offer-at-mipim-the-worlds-leading-real-estate-fair","status":"publish","type":"post","link":"https:\/\/www.investinclm.com\/en\/castilla-la-mancha-shows-its-industrial-land-offer-at-mipim-the-worlds-leading-real-estate-fair\/","title":{"rendered":"Castilla-La Mancha shows its industrial land offer at MIPIM, the world&#8217;s leading real estate fair"},"content":{"rendered":"<p><img loading=\"lazy\" decoding=\"async\" class=\"aligncenter wp-image-3029 \" src=\"https:\/\/www.investinclm.com\/wp-content\/uploads\/2023\/03\/mipim.jpg\" alt=\"skydweller\" width=\"687\" height=\"458\" \/><\/p>\n<p><strong> Cannes, March 16th, 2023. <\/strong><\/p>\n<p align=\"justify\"> The Government of Castilla-La Mancha, through the Institute for Foreign Promotion of Castilla-La Mancha (IPEX), participates for the third consecutive year with its own stand at the MIPIM fair, which is held in Cannes (France), between 14 and 17 March 2023. <\/p>\n<p align=\"justify\"> MIPIM is a world reference fair for the real estate sector. Investors, developers and investment agencies come together at this event that attracts more than 2,000 companies from five continents. This edition will be attended by 73 of the top 100 investment managers, who manage 3.9 trillion euros in assets. <\/p>\n<p align=\"justify\"> During the fair, IPEX&#8217;s investment attraction team, headed by its Director, Luis No\u00e9 S\u00e1nchez, is holding an agenda of meetings with potential finalist projects, development companies, consultants and investment funds to which it has made known the industrial offer in the five provinces of Castilla-La Mancha, as well as the tools that the government of Castilla-La Mancha makes available to potential investors. <\/p>\n<p align=\"justify\"> Within the framework of the fair, the Director of IPEX received at the regional stand the General Director of SEPES, Mr. Fidel V\u00e1zquez, accompanied by Mr. Javier Yraola, Project Manager at Invest in Spain. Together they discussed collaboration actions for the promotion of the industrial land which SEPES has in Castilla-La Mancha, such as the Oretania Industrial Estate in Ciudad Real or the industrial estates of Manzanares, Campo de Criptana, Pedro Mu\u00f1oz, Tomelloso, Valdepe\u00f1as, Cuenca, Molina de Arag\u00f3n, Fuensalida and Marchamalo. <\/p>\n<p align=\"justify\"> The 2023 edition recovers the figures of exhibitors and visitors pre pandemic, and completes its offer with an intense agenda of conferences and round tables where you can learn about the latest developments in the real estate sector. <\/p>\n<p align=\"justify\"> During the days of the fair, in addition to maintaining an intense agenda of meetings with funds and companies, the regional delegation plans to participate in events and conferences, thus promoting networking and generating new collaboration agreements to continue positioning Castilla-La Mancha as an investment destination.<\/p>\n","protected":false},"excerpt":{"rendered":"<p>Cannes, March 16th, 2023. The Government of Castilla-La Mancha, through the Institute for Foreign Promotion of Castilla-La Mancha (IPEX), participates for the third consecutive year with its own stand at&#8230;<\/p>\n","protected":false},"author":2,"featured_media":3426,"comment_status":"closed","ping_status":"open","sticky":false,"template":"","format":"standard","meta":{"footnotes":""},"categories":[10],"tags":[],"class_list":{"0":"post-3423","1":"post","2":"type-post","3":"status-publish","4":"format-standard","5":"has-post-thumbnail","7":"category-press-releases"},"yoast_head":"<!-- This site is optimized with the Yoast SEO plugin v27.4 - https:\/\/yoast.com\/product\/yoast-seo-wordpress\/ -->\n<title>Castilla-La Mancha shows its industrial land offer at MIPIM, the world&#039;s leading real estate fair - Invest In CLM<\/title>\n<meta name=\"robots\" content=\"index, follow, max-snippet:-1, max-image-preview:large, max-video-preview:-1\" \/>\n<link rel=\"canonical\" href=\"https:\/\/www.investinclm.com\/en\/castilla-la-mancha-shows-its-industrial-land-offer-at-mipim-the-worlds-leading-real-estate-fair\/\" \/>\n<meta property=\"og:locale\" content=\"en_US\" \/>\n<meta property=\"og:type\" content=\"article\" \/>\n<meta property=\"og:title\" content=\"Castilla-La Mancha shows its industrial land offer at MIPIM, the world&#039;s leading real estate fair - Invest In CLM\" \/>\n<meta property=\"og:description\" content=\"Cannes, March 16th, 2023. The Government of Castilla-La Mancha, through the Institute for Foreign Promotion of Castilla-La Mancha (IPEX), participates for the third consecutive year with its own stand at...\" \/>\n<meta property=\"og:url\" content=\"https:\/\/www.investinclm.com\/en\/castilla-la-mancha-shows-its-industrial-land-offer-at-mipim-the-worlds-leading-real-estate-fair\/\" \/>\n<meta property=\"og:site_name\" content=\"Invest In CLM\" \/>\n<meta property=\"article:published_time\" content=\"2023-03-17T11:23:18+00:00\" \/>\n<meta property=\"article:modified_time\" content=\"2023-04-03T11:08:50+00:00\" \/>\n<meta property=\"og:image\" content=\"https:\/\/www.investinclm.com\/wp-content\/uploads\/2023\/03\/mipim.jpg\" \/>\n\t<meta property=\"og:image:width\" content=\"567\" \/>\n\t<meta property=\"og:image:height\" content=\"425\" \/>\n\t<meta property=\"og:image:type\" content=\"image\/jpeg\" \/>\n<meta name=\"author\" content=\"Raul-IPEX\" \/>\n<meta name=\"twitter:card\" content=\"summary_large_image\" \/>\n<meta name=\"twitter:label1\" content=\"Written by\" \/>\n\t<meta name=\"twitter:data1\" content=\"Raul-IPEX\" \/>\n\t<meta name=\"twitter:label2\" content=\"Est. reading time\" \/>\n\t<meta name=\"twitter:data2\" content=\"2 minutes\" \/>\n<script type=\"application\/ld+json\" class=\"yoast-schema-graph\">{\"@context\":\"https:\\\/\\\/schema.org\",\"@graph\":[{\"@type\":\"Article\",\"@id\":\"https:\\\/\\\/www.investinclm.com\\\/en\\\/castilla-la-mancha-shows-its-industrial-land-offer-at-mipim-the-worlds-leading-real-estate-fair\\\/#article\",\"isPartOf\":{\"@id\":\"https:\\\/\\\/www.investinclm.com\\\/en\\\/castilla-la-mancha-shows-its-industrial-land-offer-at-mipim-the-worlds-leading-real-estate-fair\\\/\"},\"author\":{\"name\":\"Raul-IPEX\",\"@id\":\"https:\\\/\\\/www.investinclm.com\\\/en\\\/#\\\/schema\\\/person\\\/fe72d441caa055b702c1f75977fbf5b4\"},\"headline\":\"Castilla-La Mancha shows its industrial land offer at MIPIM, the world&#8217;s leading real estate fair\",\"datePublished\":\"2023-03-17T11:23:18+00:00\",\"dateModified\":\"2023-04-03T11:08:50+00:00\",\"mainEntityOfPage\":{\"@id\":\"https:\\\/\\\/www.investinclm.com\\\/en\\\/castilla-la-mancha-shows-its-industrial-land-offer-at-mipim-the-worlds-leading-real-estate-fair\\\/\"},\"wordCount\":333,\"image\":{\"@id\":\"https:\\\/\\\/www.investinclm.com\\\/en\\\/castilla-la-mancha-shows-its-industrial-land-offer-at-mipim-the-worlds-leading-real-estate-fair\\\/#primaryimage\"},\"thumbnailUrl\":\"https:\\\/\\\/www.investinclm.com\\\/wp-content\\\/uploads\\\/2023\\\/03\\\/mipim.jpg\",\"articleSection\":[\"Press Releases\"],\"inLanguage\":\"en-US\"},{\"@type\":\"WebPage\",\"@id\":\"https:\\\/\\\/www.investinclm.com\\\/en\\\/castilla-la-mancha-shows-its-industrial-land-offer-at-mipim-the-worlds-leading-real-estate-fair\\\/\",\"url\":\"https:\\\/\\\/www.investinclm.com\\\/en\\\/castilla-la-mancha-shows-its-industrial-land-offer-at-mipim-the-worlds-leading-real-estate-fair\\\/\",\"name\":\"Castilla-La Mancha shows its industrial land offer at MIPIM, the world's leading real estate fair - Invest In CLM\",\"isPartOf\":{\"@id\":\"https:\\\/\\\/www.investinclm.com\\\/en\\\/#website\"},\"primaryImageOfPage\":{\"@id\":\"https:\\\/\\\/www.investinclm.com\\\/en\\\/castilla-la-mancha-shows-its-industrial-land-offer-at-mipim-the-worlds-leading-real-estate-fair\\\/#primaryimage\"},\"image\":{\"@id\":\"https:\\\/\\\/www.investinclm.com\\\/en\\\/castilla-la-mancha-shows-its-industrial-land-offer-at-mipim-the-worlds-leading-real-estate-fair\\\/#primaryimage\"},\"thumbnailUrl\":\"https:\\\/\\\/www.investinclm.com\\\/wp-content\\\/uploads\\\/2023\\\/03\\\/mipim.jpg\",\"datePublished\":\"2023-03-17T11:23:18+00:00\",\"dateModified\":\"2023-04-03T11:08:50+00:00\",\"author\":{\"@id\":\"https:\\\/\\\/www.investinclm.com\\\/en\\\/#\\\/schema\\\/person\\\/fe72d441caa055b702c1f75977fbf5b4\"},\"breadcrumb\":{\"@id\":\"https:\\\/\\\/www.investinclm.com\\\/en\\\/castilla-la-mancha-shows-its-industrial-land-offer-at-mipim-the-worlds-leading-real-estate-fair\\\/#breadcrumb\"},\"inLanguage\":\"en-US\",\"potentialAction\":[{\"@type\":\"ReadAction\",\"target\":[\"https:\\\/\\\/www.investinclm.com\\\/en\\\/castilla-la-mancha-shows-its-industrial-land-offer-at-mipim-the-worlds-leading-real-estate-fair\\\/\"]}]},{\"@type\":\"ImageObject\",\"inLanguage\":\"en-US\",\"@id\":\"https:\\\/\\\/www.investinclm.com\\\/en\\\/castilla-la-mancha-shows-its-industrial-land-offer-at-mipim-the-worlds-leading-real-estate-fair\\\/#primaryimage\",\"url\":\"https:\\\/\\\/www.investinclm.com\\\/wp-content\\\/uploads\\\/2023\\\/03\\\/mipim.jpg\",\"contentUrl\":\"https:\\\/\\\/www.investinclm.com\\\/wp-content\\\/uploads\\\/2023\\\/03\\\/mipim.jpg\",\"width\":567,\"height\":425},{\"@type\":\"BreadcrumbList\",\"@id\":\"https:\\\/\\\/www.investinclm.com\\\/en\\\/castilla-la-mancha-shows-its-industrial-land-offer-at-mipim-the-worlds-leading-real-estate-fair\\\/#breadcrumb\",\"itemListElement\":[{\"@type\":\"ListItem\",\"position\":1,\"name\":\"Invierte en CLM\",\"item\":\"https:\\\/\\\/www.investinclm.com\\\/en\\\/\"},{\"@type\":\"ListItem\",\"position\":2,\"name\":\"Castilla-La Mancha shows its industrial land offer at MIPIM, the world&#8217;s leading real estate fair\"}]},{\"@type\":\"WebSite\",\"@id\":\"https:\\\/\\\/www.investinclm.com\\\/en\\\/#website\",\"url\":\"https:\\\/\\\/www.investinclm.com\\\/en\\\/\",\"name\":\"Invest In CLM\",\"description\":\"Invierte en Castilla-La Mancha\",\"potentialAction\":[{\"@type\":\"SearchAction\",\"target\":{\"@type\":\"EntryPoint\",\"urlTemplate\":\"https:\\\/\\\/www.investinclm.com\\\/en\\\/?s={search_term_string}\"},\"query-input\":{\"@type\":\"PropertyValueSpecification\",\"valueRequired\":true,\"valueName\":\"search_term_string\"}}],\"inLanguage\":\"en-US\"},{\"@type\":\"Person\",\"@id\":\"https:\\\/\\\/www.investinclm.com\\\/en\\\/#\\\/schema\\\/person\\\/fe72d441caa055b702c1f75977fbf5b4\",\"name\":\"Raul-IPEX\",\"image\":{\"@type\":\"ImageObject\",\"inLanguage\":\"en-US\",\"@id\":\"https:\\\/\\\/secure.gravatar.com\\\/avatar\\\/2f8323fa048dcdba5be9107a927e82835e0ca99111a2209a9319ede9baae5d2b?s=96&d=mm&r=g\",\"url\":\"https:\\\/\\\/secure.gravatar.com\\\/avatar\\\/2f8323fa048dcdba5be9107a927e82835e0ca99111a2209a9319ede9baae5d2b?s=96&d=mm&r=g\",\"contentUrl\":\"https:\\\/\\\/secure.gravatar.com\\\/avatar\\\/2f8323fa048dcdba5be9107a927e82835e0ca99111a2209a9319ede9baae5d2b?s=96&d=mm&r=g\",\"caption\":\"Raul-IPEX\"},\"url\":\"https:\\\/\\\/www.investinclm.com\\\/en\\\/author\\\/rfernandez\\\/\"}]}<\/script>\n<!-- \/ Yoast SEO plugin. -->","yoast_head_json":{"title":"Castilla-La Mancha shows its industrial land offer at MIPIM, the world's leading real estate fair - Invest In CLM","robots":{"index":"index","follow":"follow","max-snippet":"max-snippet:-1","max-image-preview":"max-image-preview:large","max-video-preview":"max-video-preview:-1"},"canonical":"https:\/\/www.investinclm.com\/en\/castilla-la-mancha-shows-its-industrial-land-offer-at-mipim-the-worlds-leading-real-estate-fair\/","og_locale":"en_US","og_type":"article","og_title":"Castilla-La Mancha shows its industrial land offer at MIPIM, the world's leading real estate fair - Invest In CLM","og_description":"Cannes, March 16th, 2023. The Government of Castilla-La Mancha, through the Institute for Foreign Promotion of Castilla-La Mancha (IPEX), participates for the third consecutive year with its own stand at...","og_url":"https:\/\/www.investinclm.com\/en\/castilla-la-mancha-shows-its-industrial-land-offer-at-mipim-the-worlds-leading-real-estate-fair\/","og_site_name":"Invest In CLM","article_published_time":"2023-03-17T11:23:18+00:00","article_modified_time":"2023-04-03T11:08:50+00:00","og_image":[{"width":567,"height":425,"url":"https:\/\/www.investinclm.com\/wp-content\/uploads\/2023\/03\/mipim.jpg","type":"image\/jpeg"}],"author":"Raul-IPEX","twitter_card":"summary_large_image","twitter_misc":{"Written by":"Raul-IPEX","Est. reading time":"2 minutes"},"schema":{"@context":"https:\/\/schema.org","@graph":[{"@type":"Article","@id":"https:\/\/www.investinclm.com\/en\/castilla-la-mancha-shows-its-industrial-land-offer-at-mipim-the-worlds-leading-real-estate-fair\/#article","isPartOf":{"@id":"https:\/\/www.investinclm.com\/en\/castilla-la-mancha-shows-its-industrial-land-offer-at-mipim-the-worlds-leading-real-estate-fair\/"},"author":{"name":"Raul-IPEX","@id":"https:\/\/www.investinclm.com\/en\/#\/schema\/person\/fe72d441caa055b702c1f75977fbf5b4"},"headline":"Castilla-La Mancha shows its industrial land offer at MIPIM, the world&#8217;s leading real estate fair","datePublished":"2023-03-17T11:23:18+00:00","dateModified":"2023-04-03T11:08:50+00:00","mainEntityOfPage":{"@id":"https:\/\/www.investinclm.com\/en\/castilla-la-mancha-shows-its-industrial-land-offer-at-mipim-the-worlds-leading-real-estate-fair\/"},"wordCount":333,"image":{"@id":"https:\/\/www.investinclm.com\/en\/castilla-la-mancha-shows-its-industrial-land-offer-at-mipim-the-worlds-leading-real-estate-fair\/#primaryimage"},"thumbnailUrl":"https:\/\/www.investinclm.com\/wp-content\/uploads\/2023\/03\/mipim.jpg","articleSection":["Press Releases"],"inLanguage":"en-US"},{"@type":"WebPage","@id":"https:\/\/www.investinclm.com\/en\/castilla-la-mancha-shows-its-industrial-land-offer-at-mipim-the-worlds-leading-real-estate-fair\/","url":"https:\/\/www.investinclm.com\/en\/castilla-la-mancha-shows-its-industrial-land-offer-at-mipim-the-worlds-leading-real-estate-fair\/","name":"Castilla-La Mancha shows its industrial land offer at MIPIM, the world's leading real estate fair - Invest In CLM","isPartOf":{"@id":"https:\/\/www.investinclm.com\/en\/#website"},"primaryImageOfPage":{"@id":"https:\/\/www.investinclm.com\/en\/castilla-la-mancha-shows-its-industrial-land-offer-at-mipim-the-worlds-leading-real-estate-fair\/#primaryimage"},"image":{"@id":"https:\/\/www.investinclm.com\/en\/castilla-la-mancha-shows-its-industrial-land-offer-at-mipim-the-worlds-leading-real-estate-fair\/#primaryimage"},"thumbnailUrl":"https:\/\/www.investinclm.com\/wp-content\/uploads\/2023\/03\/mipim.jpg","datePublished":"2023-03-17T11:23:18+00:00","dateModified":"2023-04-03T11:08:50+00:00","author":{"@id":"https:\/\/www.investinclm.com\/en\/#\/schema\/person\/fe72d441caa055b702c1f75977fbf5b4"},"breadcrumb":{"@id":"https:\/\/www.investinclm.com\/en\/castilla-la-mancha-shows-its-industrial-land-offer-at-mipim-the-worlds-leading-real-estate-fair\/#breadcrumb"},"inLanguage":"en-US","potentialAction":[{"@type":"ReadAction","target":["https:\/\/www.investinclm.com\/en\/castilla-la-mancha-shows-its-industrial-land-offer-at-mipim-the-worlds-leading-real-estate-fair\/"]}]},{"@type":"ImageObject","inLanguage":"en-US","@id":"https:\/\/www.investinclm.com\/en\/castilla-la-mancha-shows-its-industrial-land-offer-at-mipim-the-worlds-leading-real-estate-fair\/#primaryimage","url":"https:\/\/www.investinclm.com\/wp-content\/uploads\/2023\/03\/mipim.jpg","contentUrl":"https:\/\/www.investinclm.com\/wp-content\/uploads\/2023\/03\/mipim.jpg","width":567,"height":425},{"@type":"BreadcrumbList","@id":"https:\/\/www.investinclm.com\/en\/castilla-la-mancha-shows-its-industrial-land-offer-at-mipim-the-worlds-leading-real-estate-fair\/#breadcrumb","itemListElement":[{"@type":"ListItem","position":1,"name":"Invierte en CLM","item":"https:\/\/www.investinclm.com\/en\/"},{"@type":"ListItem","position":2,"name":"Castilla-La Mancha shows its industrial land offer at MIPIM, the world&#8217;s leading real estate fair"}]},{"@type":"WebSite","@id":"https:\/\/www.investinclm.com\/en\/#website","url":"https:\/\/www.investinclm.com\/en\/","name":"Invest In CLM","description":"Invierte en Castilla-La Mancha","potentialAction":[{"@type":"SearchAction","target":{"@type":"EntryPoint","urlTemplate":"https:\/\/www.investinclm.com\/en\/?s={search_term_string}"},"query-input":{"@type":"PropertyValueSpecification","valueRequired":true,"valueName":"search_term_string"}}],"inLanguage":"en-US"},{"@type":"Person","@id":"https:\/\/www.investinclm.com\/en\/#\/schema\/person\/fe72d441caa055b702c1f75977fbf5b4","name":"Raul-IPEX","image":{"@type":"ImageObject","inLanguage":"en-US","@id":"https:\/\/secure.gravatar.com\/avatar\/2f8323fa048dcdba5be9107a927e82835e0ca99111a2209a9319ede9baae5d2b?s=96&d=mm&r=g","url":"https:\/\/secure.gravatar.com\/avatar\/2f8323fa048dcdba5be9107a927e82835e0ca99111a2209a9319ede9baae5d2b?s=96&d=mm&r=g","contentUrl":"https:\/\/secure.gravatar.com\/avatar\/2f8323fa048dcdba5be9107a927e82835e0ca99111a2209a9319ede9baae5d2b?s=96&d=mm&r=g","caption":"Raul-IPEX"},"url":"https:\/\/www.investinclm.com\/en\/author\/rfernandez\/"}]}},"_links":{"self":[{"href":"https:\/\/www.investinclm.com\/en\/wp-json\/wp\/v2\/posts\/3423","targetHints":{"allow":["GET"]}}],"collection":[{"href":"https:\/\/www.investinclm.com\/en\/wp-json\/wp\/v2\/posts"}],"about":[{"href":"https:\/\/www.investinclm.com\/en\/wp-json\/wp\/v2\/types\/post"}],"author":[{"embeddable":true,"href":"https:\/\/www.investinclm.com\/en\/wp-json\/wp\/v2\/users\/2"}],"replies":[{"embeddable":true,"href":"https:\/\/www.investinclm.com\/en\/wp-json\/wp\/v2\/comments?post=3423"}],"version-history":[{"count":5,"href":"https:\/\/www.investinclm.com\/en\/wp-json\/wp\/v2\/posts\/3423\/revisions"}],"predecessor-version":[{"id":3429,"href":"https:\/\/www.investinclm.com\/en\/wp-json\/wp\/v2\/posts\/3423\/revisions\/3429"}],"wp:featuredmedia":[{"embeddable":true,"href":"https:\/\/www.investinclm.com\/en\/wp-json\/wp\/v2\/media\/3426"}],"wp:attachment":[{"href":"https:\/\/www.investinclm.com\/en\/wp-json\/wp\/v2\/media?parent=3423"}],"wp:term":[{"taxonomy":"category","embeddable":true,"href":"https:\/\/www.investinclm.com\/en\/wp-json\/wp\/v2\/categories?post=3423"},{"taxonomy":"post_tag","embeddable":true,"href":"https:\/\/www.investinclm.com\/en\/wp-json\/wp\/v2\/tags?post=3423"}],"curies":[{"name":"wp","href":"https:\/\/api.w.org\/{rel}","templated":true}]}}